{"id":1606,"date":"2021-07-21T12:19:35","date_gmt":"2021-07-21T11:19:35","guid":{"rendered":"https:\/\/www.kindergarten-weidenbach.de\/wordpress\/?p=1606"},"modified":"2021-08-04T19:01:28","modified_gmt":"2021-08-04T18:01:28","slug":"zum-abschied","status":"publish","type":"post","link":"https:\/\/www.kindergarten-weidenbach.de\/wordpress\/zum-abschied\/","title":{"rendered":"Zum Abschied"},"content":{"rendered":"\n<p>Die Vorschulkinder verabschieden sich:<br>jede Kindergartengruppe bekommt ein Buch f\u00fcr die neue Leseecke und eine selbsgestaltete Uhr f\u00fcr die neuen Gruppenr\u00e4ume! Tolle Geschenke! <\/p>\n<p><a href=\"_wp_link_placeholder\" data-wplink-edit=\"true\"><img loading=\"lazy\" decoding=\"async\" src=\"https:\/\/www.kindergarten-weidenbach.de\/wordpress\/wp-content\/uploads\/2021\/07\/Abschiedsgeschenk-scaled-e1626863538333.jpg\" alt=\"\" width=\"2560\" height=\"1920\"><\/a><\/p>\n","protected":false},"excerpt":{"rendered":"<p>Die Vorschulkinder verabschieden sich:jede Kindergartengruppe bekommt ein Buch f\u00fcr die neue Leseecke und eine selbsgestaltete Uhr f\u00fcr die neuen Gruppenr\u00e4ume! Tolle Geschenke!<\/p>\n","protected":false},"author":6,"featured_media":0,"comment_status":"closed","ping_status":"closed","sticky":false,"template":"","format":"standard","meta":{"ngg_post_thumbnail":0,"_jetpack_memberships_contains_paid_content":false,"footnotes":""},"categories":[14],"tags":[],"class_list":["post-1606","post","type-post","status-publish","format-standard","hentry","category-allgemein"],"jetpack_featured_media_url":"","jetpack_sharing_enabled":true,"_links":{"self":[{"href":"https:\/\/www.kindergarten-weidenbach.de\/wordpress\/wp-json\/wp\/v2\/posts\/1606","targetHints":{"allow":["GET"]}}],"collection":[{"href":"https:\/\/www.kindergarten-weidenbach.de\/wordpress\/wp-json\/wp\/v2\/posts"}],"about":[{"href":"https:\/\/www.kindergarten-weidenbach.de\/wordpress\/wp-json\/wp\/v2\/types\/post"}],"author":[{"embeddable":true,"href":"https:\/\/www.kindergarten-weidenbach.de\/wordpress\/wp-json\/wp\/v2\/users\/6"}],"replies":[{"embeddable":true,"href":"https:\/\/www.kindergarten-weidenbach.de\/wordpress\/wp-json\/wp\/v2\/comments?post=1606"}],"version-history":[{"count":2,"href":"https:\/\/www.kindergarten-weidenbach.de\/wordpress\/wp-json\/wp\/v2\/posts\/1606\/revisions"}],"predecessor-version":[{"id":1608,"href":"https:\/\/www.kindergarten-weidenbach.de\/wordpress\/wp-json\/wp\/v2\/posts\/1606\/revisions\/1608"}],"wp:attachment":[{"href":"https:\/\/www.kindergarten-weidenbach.de\/wordpress\/wp-json\/wp\/v2\/media?parent=1606"}],"wp:term":[{"taxonomy":"category","embeddable":true,"href":"https:\/\/www.kindergarten-weidenbach.de\/wordpress\/wp-json\/wp\/v2\/categories?post=1606"},{"taxonomy":"post_tag","embeddable":true,"href":"https:\/\/www.kindergarten-weidenbach.de\/wordpress\/wp-json\/wp\/v2\/tags?post=1606"}],"curies":[{"name":"wp","href":"https:\/\/api.w.org\/{rel}","templated":true}]}}