{"id":1651,"date":"2021-10-21T09:11:10","date_gmt":"2021-10-21T08:11:10","guid":{"rendered":"https:\/\/www.kindergarten-weidenbach.de\/wordpress\/?p=1651"},"modified":"2021-11-09T19:16:58","modified_gmt":"2021-11-09T18:16:58","slug":"aktueller-newsletter","status":"publish","type":"post","link":"https:\/\/www.kindergarten-weidenbach.de\/wordpress\/aktueller-newsletter\/","title":{"rendered":"Aktueller Newsletter des Bayr. Staatsministeriums"},"content":{"rendered":"\n\n\n\n\n<h2>Informationen zum Coronavirus (SARS-CoV-2)<\/h2>\n<h3>Umgang mit Krankheitssymptomen bei nicht eingeschulten Kindern<\/h3>\n<p>Nicht eingeschulte Kita-Kinder sind aktuell im Vergleich zur Gesamtbev\u00f6lkerung und insbesondere im Vergleich zu Schulkindern in geringem Ma\u00dfe vom Coronavirus betroffen. Daf\u00fcr sind sie deutlich h\u00e4ufiger von Erk\u00e4ltungskrankheiten betroffen. Das bedeutet, dass derzeit bei einem erk\u00e4lteten Kind kein pauschaler R\u00fcckschluss auf eine m\u00f6gliche Infektion mit dem Coronavirus gezogen werden kann. Dies erlaubt es, Erleichterungen f\u00fcr Kita-Kinder bei den Regelungen zum Umgang mit Krankheitssymptomen in der Kindertagesbetreuung zu schaffen.<br \/><br \/>F\u00fcr <u>nicht eingeschulte Kinder<\/u> gilt daher ab sofort Folgendes:<\/p>\n<ul>\n<li>F\u00fcr Kinder, die ihre Kinderbetreuungseinrichtung <u>trotz leichter Symptome<\/u> (z.B. Schnupfen, leichter Husten etc.) besuchen m\u00f6chten, gen\u00fcgt k\u00fcnftig eine Best\u00e4tigung der Eltern, dass <u>vor dem Kita-Besuch<\/u> zu Hause ein <u>Selbsttest<\/u> durchgef\u00fchrt wurde, der <u>negativ<\/u> ausgefallen ist. Ein <span style=\"color: #ff0000;\"><a style=\"color: #ff0000;\" href=\"https:\/\/newsletter.bayern.de\/r.html?uid=D.QE.HC.B86.lV.A.9ohr4T25v7FxFf5AwgaDu2FuViM_2LPTKoWGlAb5EIxiqqlliv9UYx5MUkpGkXPpFzp-DgGbZFvoINaFZEyoCA\">Vordruck f\u00fcr die erforderliche Best\u00e4tigung<\/a> <\/span>kann hier heruntergeladen werden.<\/li>\n<li>Erkrankt ein Kind hingegen schwerer, hat es also beispielsweise Fieber, Hals- oder Ohrenschmerzen oder starken Husten, so ist f\u00fcr die Wiederzulassung zur Kinderbetreuungseinrichtung <u>nach der Genesung<\/u> bzw. die Wiederzulassung <u>trotz noch vorhandener leichter Symptome<\/u> weiterhin ein <u>PCR- oder PoC-Antigen-Test<\/u> erforderlich.<\/li>\n<\/ul>\n<p>Ein \u00e4rztliches Attest ist neben der Best\u00e4tigung bzw. dem Testnachweis grunds\u00e4tzlich nicht erforderlich. Der <a href=\"https:\/\/newsletter.bayern.de\/r.html?uid=D.QE.HC.B86.lY.A.p8vH1NLBbSP7AHkAo8OSQEYZ-0Ggo6dpeSvhMAIX78JePZv9ZnbagEVjgtH7PGUNtQYU-QUDb1IY78mD3w1FDg\">Rahmenhygieneplan<\/a> in der aktuellen Fassung ist bereits auf der <a href=\"https:\/\/newsletter.bayern.de\/r.html?uid=D.QE.HC.B86.lZ.A._eEPDfO5qyVeT3eGeY0jC0G4x48vqR-By32fuorCtpzZ8PEcpXEatJN_VC97sanpZ1aAcOf1-vzWmT1OX8HnyQ\">Homepage<\/a> des Bayr. Staatsministeriums verf\u00fcgbar. Die wesentlichen \u00c4nderungen sind gelb markiert.<br \/><br \/>Eine anschauliche <a href=\"https:\/\/newsletter.bayern.de\/r.html?uid=D.QE.HC.B86.lW.A.iOKivhsD4bWkf15v3WO_9I1PW4w6WmPtvVEArdfTn6SvrlSgsBtF7KaVRX1GB_el7p_PB3NQW0CVOlFA_1VSdg\"><span style=\"color: #ff0000;\">\u00dcbersicht zu den aktuell geltenden Regelungen zum Umgang mit Krankheitssymptomen<\/span><\/a> finden Sie hier verlinkt \u2013 eine <span style=\"color: #ff0000;\"><a style=\"color: #ff0000;\" href=\"https:\/\/newsletter.bayern.de\/r.html?uid=D.QE.HC.B86.lX.A.Zt_-bsT-pkBlU95_9aMxM6YR5gXUhfWyilrxiyEnL2O0_LNQFjOOObxByes511bGbyp0qRn-1WfXrmFNmn0SEA\">Fassung in schwarz-wei\u00df<\/a><\/span> ist ebenfalls verf\u00fcgbar. Gerne k\u00f6nnen Sie diese \u00dcbersicht im Eingangsbereich Ihrer Kinderbetreuungseinrichtung aush\u00e4ngen.<br \/><br \/>Hinweis: Personen mit einschl\u00e4gigen, auf das Coronavirus hindeutenden Symptomen, k\u00f6nnen sich nach wie vor beispielsweise in Arztpraxen kostenfrei mittels PCR-Test auf eine Coronavirus-Infektion testen lassen. Kinder mit leichten Symptomen werden au\u00dferdem weiterhin auch in den lokalen Testzentren kostenfrei mittels PoC-Antigen-Schnelltest getestet.<\/p>\n","protected":false},"excerpt":{"rendered":"<p>Informationen zum Coronavirus (SARS-CoV-2) Umgang mit Krankheitssymptomen bei nicht eingeschulten Kindern Nicht eingeschulte Kita-Kinder sind aktuell im Vergleich zur Gesamtbev\u00f6lkerung und insbesondere im Vergleich zu Schulkindern in geringem Ma\u00dfe vom Coronavirus betroffen. Daf\u00fcr sind sie deutlich h\u00e4ufiger von Erk\u00e4ltungskrankheiten betroffen. Das bedeutet, dass derzeit bei einem erk\u00e4lteten Kind kein pauschaler R\u00fcckschluss auf eine m\u00f6gliche Infektion [&hellip;]<\/p>\n","protected":false},"author":6,"featured_media":0,"comment_status":"closed","ping_status":"closed","sticky":false,"template":"","format":"standard","meta":{"ngg_post_thumbnail":0,"_jetpack_memberships_contains_paid_content":false,"footnotes":""},"categories":[14],"tags":[],"class_list":["post-1651","post","type-post","status-publish","format-standard","hentry","category-allgemein"],"jetpack_featured_media_url":"","jetpack_sharing_enabled":true,"_links":{"self":[{"href":"https:\/\/www.kindergarten-weidenbach.de\/wordpress\/wp-json\/wp\/v2\/posts\/1651","targetHints":{"allow":["GET"]}}],"collection":[{"href":"https:\/\/www.kindergarten-weidenbach.de\/wordpress\/wp-json\/wp\/v2\/posts"}],"about":[{"href":"https:\/\/www.kindergarten-weidenbach.de\/wordpress\/wp-json\/wp\/v2\/types\/post"}],"author":[{"embeddable":true,"href":"https:\/\/www.kindergarten-weidenbach.de\/wordpress\/wp-json\/wp\/v2\/users\/6"}],"replies":[{"embeddable":true,"href":"https:\/\/www.kindergarten-weidenbach.de\/wordpress\/wp-json\/wp\/v2\/comments?post=1651"}],"version-history":[{"count":3,"href":"https:\/\/www.kindergarten-weidenbach.de\/wordpress\/wp-json\/wp\/v2\/posts\/1651\/revisions"}],"predecessor-version":[{"id":1672,"href":"https:\/\/www.kindergarten-weidenbach.de\/wordpress\/wp-json\/wp\/v2\/posts\/1651\/revisions\/1672"}],"wp:attachment":[{"href":"https:\/\/www.kindergarten-weidenbach.de\/wordpress\/wp-json\/wp\/v2\/media?parent=1651"}],"wp:term":[{"taxonomy":"category","embeddable":true,"href":"https:\/\/www.kindergarten-weidenbach.de\/wordpress\/wp-json\/wp\/v2\/categories?post=1651"},{"taxonomy":"post_tag","embeddable":true,"href":"https:\/\/www.kindergarten-weidenbach.de\/wordpress\/wp-json\/wp\/v2\/tags?post=1651"}],"curies":[{"name":"wp","href":"https:\/\/api.w.org\/{rel}","templated":true}]}}