{"id":2180,"date":"2023-07-11T10:53:36","date_gmt":"2023-07-11T09:53:36","guid":{"rendered":"https:\/\/www.kindergarten-weidenbach.de\/wordpress\/?p=2180"},"modified":"2023-08-10T15:04:58","modified_gmt":"2023-08-10T14:04:58","slug":"ein-baellebad-fuer-unsere-kleinsten","status":"publish","type":"post","link":"https:\/\/www.kindergarten-weidenbach.de\/wordpress\/ein-baellebad-fuer-unsere-kleinsten\/","title":{"rendered":"Ein B\u00e4llebad f\u00fcr unsere Kleinsten"},"content":{"rendered":"\n<p>Ein herzliches Dankesch\u00f6n an unseren Elternbeirat f\u00fcr die Anschaffung dieses tollen B\u00e4llebades f\u00fcr unsere Krippenkinder!<\/p>\n\n\n\n<p><img decoding=\"async\" src=\"https:\/\/www.kindergarten-weidenbach.de\/wordpress\/wp-content\/uploads\/2023\/07\/Baellebad-scaled.jpg\"><\/p>\n","protected":false},"excerpt":{"rendered":"<p>Ein herzliches Dankesch\u00f6n an unseren Elternbeirat f\u00fcr die Anschaffung dieses tollen B\u00e4llebades f\u00fcr unsere Krippenkinder!<\/p>\n","protected":false},"author":6,"featured_media":0,"comment_status":"closed","ping_status":"closed","sticky":false,"template":"","format":"standard","meta":{"ngg_post_thumbnail":0,"_jetpack_memberships_contains_paid_content":false,"footnotes":""},"categories":[24],"tags":[],"class_list":["post-2180","post","type-post","status-publish","format-standard","hentry","category-elternbeirat"],"jetpack_featured_media_url":"","jetpack_sharing_enabled":true,"_links":{"self":[{"href":"https:\/\/www.kindergarten-weidenbach.de\/wordpress\/wp-json\/wp\/v2\/posts\/2180","targetHints":{"allow":["GET"]}}],"collection":[{"href":"https:\/\/www.kindergarten-weidenbach.de\/wordpress\/wp-json\/wp\/v2\/posts"}],"about":[{"href":"https:\/\/www.kindergarten-weidenbach.de\/wordpress\/wp-json\/wp\/v2\/types\/post"}],"author":[{"embeddable":true,"href":"https:\/\/www.kindergarten-weidenbach.de\/wordpress\/wp-json\/wp\/v2\/users\/6"}],"replies":[{"embeddable":true,"href":"https:\/\/www.kindergarten-weidenbach.de\/wordpress\/wp-json\/wp\/v2\/comments?post=2180"}],"version-history":[{"count":3,"href":"https:\/\/www.kindergarten-weidenbach.de\/wordpress\/wp-json\/wp\/v2\/posts\/2180\/revisions"}],"predecessor-version":[{"id":2212,"href":"https:\/\/www.kindergarten-weidenbach.de\/wordpress\/wp-json\/wp\/v2\/posts\/2180\/revisions\/2212"}],"wp:attachment":[{"href":"https:\/\/www.kindergarten-weidenbach.de\/wordpress\/wp-json\/wp\/v2\/media?parent=2180"}],"wp:term":[{"taxonomy":"category","embeddable":true,"href":"https:\/\/www.kindergarten-weidenbach.de\/wordpress\/wp-json\/wp\/v2\/categories?post=2180"},{"taxonomy":"post_tag","embeddable":true,"href":"https:\/\/www.kindergarten-weidenbach.de\/wordpress\/wp-json\/wp\/v2\/tags?post=2180"}],"curies":[{"name":"wp","href":"https:\/\/api.w.org\/{rel}","templated":true}]}}