{"id":2275,"date":"2023-11-02T21:27:02","date_gmt":"2023-11-02T20:27:02","guid":{"rendered":"https:\/\/www.kindergarten-weidenbach.de\/wordpress\/?p=2275"},"modified":"2023-11-02T21:37:27","modified_gmt":"2023-11-02T20:37:27","slug":"alles-in-ordnung","status":"publish","type":"post","link":"https:\/\/www.kindergarten-weidenbach.de\/wordpress\/alles-in-ordnung\/","title":{"rendered":"Alles In Ordnung"},"content":{"rendered":"\n<p>Das Team des Kindergartens hat erfolgreich am &#8222;Kita-Aktionsprogramm ALLES IN ORDNUNG &#8211; hauswirtschaftliche Alltagskompetenzen bei Kindern in Kitas f\u00f6rdern&#8220; teilgenommen.<br>Die Fortbildung wurde vom Amt f\u00fcr Ern\u00e4hrung, Landwirtschaft und Forsten durchgef\u00fchrt und ist sehr zu empfehlen!<\/p>\n\n\n\n<div class=\"wp-block-columns are-vertically-aligned-center is-layout-flex wp-container-core-columns-is-layout-9d6595d7 wp-block-columns-is-layout-flex\">\n<div class=\"wp-block-column is-vertically-aligned-center is-layout-flow wp-block-column-is-layout-flow\" style=\"flex-basis:100%\">\n<div class=\"wp-block-group\"><div class=\"wp-block-group__inner-container is-layout-constrained wp-block-group-is-layout-constrained\">\n<figure class=\"wp-block-gallery has-nested-images columns-4 is-cropped wp-block-gallery-1 is-layout-flex wp-block-gallery-is-layout-flex\">\n<figure class=\"wp-block-image size-large\"><a href=\"https:\/\/www.kindergarten-weidenbach.de\/wordpress\/wp-content\/uploads\/2023\/11\/PXL_20231031_142151884-1-scaled.jpg\"><img loading=\"lazy\" decoding=\"async\" width=\"1024\" height=\"768\" data-id=\"2281\" src=\"https:\/\/www.kindergarten-weidenbach.de\/wordpress\/wp-content\/uploads\/2023\/11\/PXL_20231031_142151884-1-1024x768.jpg\" alt=\"\" class=\"wp-image-2281\" srcset=\"https:\/\/www.kindergarten-weidenbach.de\/wordpress\/wp-content\/uploads\/2023\/11\/PXL_20231031_142151884-1-1024x768.jpg 1024w, https:\/\/www.kindergarten-weidenbach.de\/wordpress\/wp-content\/uploads\/2023\/11\/PXL_20231031_142151884-1-300x225.jpg 300w, https:\/\/www.kindergarten-weidenbach.de\/wordpress\/wp-content\/uploads\/2023\/11\/PXL_20231031_142151884-1-768x576.jpg 768w, https:\/\/www.kindergarten-weidenbach.de\/wordpress\/wp-content\/uploads\/2023\/11\/PXL_20231031_142151884-1-1536x1152.jpg 1536w, https:\/\/www.kindergarten-weidenbach.de\/wordpress\/wp-content\/uploads\/2023\/11\/PXL_20231031_142151884-1-2048x1536.jpg 2048w\" sizes=\"auto, (max-width: 1024px) 100vw, 1024px\" \/><\/a><\/figure>\n\n\n\n<figure class=\"wp-block-image size-large\"><a href=\"https:\/\/www.kindergarten-weidenbach.de\/wordpress\/wp-content\/uploads\/2023\/11\/PXL_20231031_142505369-1-scaled.jpg\"><img loading=\"lazy\" decoding=\"async\" width=\"1024\" height=\"768\" data-id=\"2279\" src=\"https:\/\/www.kindergarten-weidenbach.de\/wordpress\/wp-content\/uploads\/2023\/11\/PXL_20231031_142505369-1-1024x768.jpg\" alt=\"\" class=\"wp-image-2279\" srcset=\"https:\/\/www.kindergarten-weidenbach.de\/wordpress\/wp-content\/uploads\/2023\/11\/PXL_20231031_142505369-1-1024x768.jpg 1024w, https:\/\/www.kindergarten-weidenbach.de\/wordpress\/wp-content\/uploads\/2023\/11\/PXL_20231031_142505369-1-300x225.jpg 300w, https:\/\/www.kindergarten-weidenbach.de\/wordpress\/wp-content\/uploads\/2023\/11\/PXL_20231031_142505369-1-768x576.jpg 768w, https:\/\/www.kindergarten-weidenbach.de\/wordpress\/wp-content\/uploads\/2023\/11\/PXL_20231031_142505369-1-1536x1152.jpg 1536w, https:\/\/www.kindergarten-weidenbach.de\/wordpress\/wp-content\/uploads\/2023\/11\/PXL_20231031_142505369-1-2048x1536.jpg 2048w\" sizes=\"auto, (max-width: 1024px) 100vw, 1024px\" \/><\/a><\/figure>\n\n\n\n<figure class=\"wp-block-image size-large\"><a href=\"https:\/\/www.kindergarten-weidenbach.de\/wordpress\/wp-content\/uploads\/2023\/11\/PXL_20231031_144917615-1-scaled.jpg\"><img loading=\"lazy\" decoding=\"async\" width=\"768\" height=\"1024\" data-id=\"2278\" src=\"https:\/\/www.kindergarten-weidenbach.de\/wordpress\/wp-content\/uploads\/2023\/11\/PXL_20231031_144917615-1-768x1024.jpg\" alt=\"\" class=\"wp-image-2278\" srcset=\"https:\/\/www.kindergarten-weidenbach.de\/wordpress\/wp-content\/uploads\/2023\/11\/PXL_20231031_144917615-1-768x1024.jpg 768w, https:\/\/www.kindergarten-weidenbach.de\/wordpress\/wp-content\/uploads\/2023\/11\/PXL_20231031_144917615-1-225x300.jpg 225w, https:\/\/www.kindergarten-weidenbach.de\/wordpress\/wp-content\/uploads\/2023\/11\/PXL_20231031_144917615-1-1152x1536.jpg 1152w, https:\/\/www.kindergarten-weidenbach.de\/wordpress\/wp-content\/uploads\/2023\/11\/PXL_20231031_144917615-1-1536x2048.jpg 1536w, https:\/\/www.kindergarten-weidenbach.de\/wordpress\/wp-content\/uploads\/2023\/11\/PXL_20231031_144917615-1-scaled.jpg 1920w\" sizes=\"auto, (max-width: 768px) 100vw, 768px\" \/><\/a><\/figure>\n\n\n\n<figure class=\"wp-block-image size-large\"><a href=\"https:\/\/www.kindergarten-weidenbach.de\/wordpress\/wp-content\/uploads\/2023\/11\/PXL_20231031_144930073-1-scaled.jpg\"><img loading=\"lazy\" decoding=\"async\" width=\"768\" height=\"1024\" data-id=\"2280\" src=\"https:\/\/www.kindergarten-weidenbach.de\/wordpress\/wp-content\/uploads\/2023\/11\/PXL_20231031_144930073-1-768x1024.jpg\" alt=\"\" class=\"wp-image-2280\" srcset=\"https:\/\/www.kindergarten-weidenbach.de\/wordpress\/wp-content\/uploads\/2023\/11\/PXL_20231031_144930073-1-768x1024.jpg 768w, https:\/\/www.kindergarten-weidenbach.de\/wordpress\/wp-content\/uploads\/2023\/11\/PXL_20231031_144930073-1-225x300.jpg 225w, https:\/\/www.kindergarten-weidenbach.de\/wordpress\/wp-content\/uploads\/2023\/11\/PXL_20231031_144930073-1-1152x1536.jpg 1152w, https:\/\/www.kindergarten-weidenbach.de\/wordpress\/wp-content\/uploads\/2023\/11\/PXL_20231031_144930073-1-1536x2048.jpg 1536w, https:\/\/www.kindergarten-weidenbach.de\/wordpress\/wp-content\/uploads\/2023\/11\/PXL_20231031_144930073-1-scaled.jpg 1920w\" sizes=\"auto, (max-width: 768px) 100vw, 768px\" \/><\/a><\/figure>\n\n\n\n<figure class=\"wp-block-image size-large is-style-default\"><a href=\"https:\/\/www.kindergarten-weidenbach.de\/wordpress\/wp-content\/uploads\/2023\/11\/PXL_20231031_150817856-scaled.jpg\"><img loading=\"lazy\" decoding=\"async\" width=\"1024\" height=\"768\" data-id=\"2282\" src=\"https:\/\/www.kindergarten-weidenbach.de\/wordpress\/wp-content\/uploads\/2023\/11\/PXL_20231031_150817856-1024x768.jpg\" alt=\"\" class=\"wp-image-2282\" srcset=\"https:\/\/www.kindergarten-weidenbach.de\/wordpress\/wp-content\/uploads\/2023\/11\/PXL_20231031_150817856-1024x768.jpg 1024w, https:\/\/www.kindergarten-weidenbach.de\/wordpress\/wp-content\/uploads\/2023\/11\/PXL_20231031_150817856-300x225.jpg 300w, https:\/\/www.kindergarten-weidenbach.de\/wordpress\/wp-content\/uploads\/2023\/11\/PXL_20231031_150817856-768x576.jpg 768w, https:\/\/www.kindergarten-weidenbach.de\/wordpress\/wp-content\/uploads\/2023\/11\/PXL_20231031_150817856-1536x1152.jpg 1536w, https:\/\/www.kindergarten-weidenbach.de\/wordpress\/wp-content\/uploads\/2023\/11\/PXL_20231031_150817856-2048x1536.jpg 2048w\" sizes=\"auto, (max-width: 1024px) 100vw, 1024px\" \/><\/a><\/figure>\n\n\n\n<figure class=\"wp-block-image size-large is-style-default\"><a href=\"https:\/\/www.kindergarten-weidenbach.de\/wordpress\/wp-content\/uploads\/2023\/11\/PXL_20231031_151724045-1-scaled.jpg\"><img loading=\"lazy\" decoding=\"async\" width=\"768\" height=\"1024\" data-id=\"2277\" src=\"https:\/\/www.kindergarten-weidenbach.de\/wordpress\/wp-content\/uploads\/2023\/11\/PXL_20231031_151724045-1-768x1024.jpg\" alt=\"\" class=\"wp-image-2277\" srcset=\"https:\/\/www.kindergarten-weidenbach.de\/wordpress\/wp-content\/uploads\/2023\/11\/PXL_20231031_151724045-1-768x1024.jpg 768w, https:\/\/www.kindergarten-weidenbach.de\/wordpress\/wp-content\/uploads\/2023\/11\/PXL_20231031_151724045-1-225x300.jpg 225w, https:\/\/www.kindergarten-weidenbach.de\/wordpress\/wp-content\/uploads\/2023\/11\/PXL_20231031_151724045-1-1152x1536.jpg 1152w, https:\/\/www.kindergarten-weidenbach.de\/wordpress\/wp-content\/uploads\/2023\/11\/PXL_20231031_151724045-1-1536x2048.jpg 1536w, https:\/\/www.kindergarten-weidenbach.de\/wordpress\/wp-content\/uploads\/2023\/11\/PXL_20231031_151724045-1-scaled.jpg 1920w\" sizes=\"auto, (max-width: 768px) 100vw, 768px\" \/><\/a><\/figure>\n<\/figure>\n<\/div><\/div>\n<\/div>\n<\/div>\n\n\n","protected":false},"excerpt":{"rendered":"<p>Das Team des Kindergartens hat erfolgreich am &#8222;Kita-Aktionsprogramm ALLES IN ORDNUNG &#8211; hauswirtschaftliche Alltagskompetenzen bei Kindern in Kitas f\u00f6rdern&#8220; teilgenommen.Die Fortbildung wurde vom Amt f\u00fcr Ern\u00e4hrung, Landwirtschaft und Forsten durchgef\u00fchrt und ist sehr zu empfehlen!<\/p>\n","protected":false},"author":6,"featured_media":0,"comment_status":"closed","ping_status":"closed","sticky":false,"template":"","format":"image","meta":{"ngg_post_thumbnail":0,"_jetpack_memberships_contains_paid_content":false,"footnotes":""},"categories":[26],"tags":[],"class_list":["post-2275","post","type-post","status-publish","format-image","hentry","category-aktionen","post_format-post-format-image"],"jetpack_featured_media_url":"","jetpack_sharing_enabled":true,"_links":{"self":[{"href":"https:\/\/www.kindergarten-weidenbach.de\/wordpress\/wp-json\/wp\/v2\/posts\/2275","targetHints":{"allow":["GET"]}}],"collection":[{"href":"https:\/\/www.kindergarten-weidenbach.de\/wordpress\/wp-json\/wp\/v2\/posts"}],"about":[{"href":"https:\/\/www.kindergarten-weidenbach.de\/wordpress\/wp-json\/wp\/v2\/types\/post"}],"author":[{"embeddable":true,"href":"https:\/\/www.kindergarten-weidenbach.de\/wordpress\/wp-json\/wp\/v2\/users\/6"}],"replies":[{"embeddable":true,"href":"https:\/\/www.kindergarten-weidenbach.de\/wordpress\/wp-json\/wp\/v2\/comments?post=2275"}],"version-history":[{"count":10,"href":"https:\/\/www.kindergarten-weidenbach.de\/wordpress\/wp-json\/wp\/v2\/posts\/2275\/revisions"}],"predecessor-version":[{"id":2297,"href":"https:\/\/www.kindergarten-weidenbach.de\/wordpress\/wp-json\/wp\/v2\/posts\/2275\/revisions\/2297"}],"wp:attachment":[{"href":"https:\/\/www.kindergarten-weidenbach.de\/wordpress\/wp-json\/wp\/v2\/media?parent=2275"}],"wp:term":[{"taxonomy":"category","embeddable":true,"href":"https:\/\/www.kindergarten-weidenbach.de\/wordpress\/wp-json\/wp\/v2\/categories?post=2275"},{"taxonomy":"post_tag","embeddable":true,"href":"https:\/\/www.kindergarten-weidenbach.de\/wordpress\/wp-json\/wp\/v2\/tags?post=2275"}],"curies":[{"name":"wp","href":"https:\/\/api.w.org\/{rel}","templated":true}]}}