{"id":2358,"date":"2024-01-14T10:21:47","date_gmt":"2024-01-14T09:21:47","guid":{"rendered":"https:\/\/www.kindergarten-weidenbach.de\/wordpress\/?p=2358"},"modified":"2024-11-12T08:27:50","modified_gmt":"2024-11-12T07:27:50","slug":"anmeldetage-2024","status":"publish","type":"post","link":"https:\/\/www.kindergarten-weidenbach.de\/wordpress\/anmeldetage-2024\/","title":{"rendered":"Anmeldetage 2025"},"content":{"rendered":"\n<p><strong>Anmeldetage vom 28.1 \u2013 30.1.2025<\/strong><\/p>\n<p>In der Woche vom 28. &#8211; 30. Januar 2025 (Dienstag, Mittwoch, Donnerstag) finden Anmeldetage im Haus des Kindes \u201ePolarstern\u201c der Ev. Kirchengemeinde Weidenbach statt.<br \/>F\u00fcr folgende Gruppen k\u00f6nnen Sie Ihr Kind f\u00fcr das Kindergartenjahr 2024 \/ 2025 (September 2025 bis August 2026) anmelden:<br \/>&#8211;\u00a0\u00a0\u00a0\u00a0\u00a0\u00a0\u00a0\u00a0\u00a0\u00a0 <strong>Krippengruppe ab 1 Jahr<br \/><\/strong><strong>&#8211;\u00a0\u00a0\u00a0\u00a0\u00a0\u00a0\u00a0\u00a0\u00a0\u00a0 Kindergartengruppe ab 3 Jahren<\/strong><\/p>\n<p>Bei Bedarf laden wir Sie ein, in der Zeit von 8.00 Uhr bis 11.00 Uhr im Haus des Kindes, Ringstr. 2, vorbeizukommen.<br \/>F\u00fcr unsere Planungen ist es unbedingt erforderlich, dass Sie diese Anmeldetage wahrnehmen.<br \/>Wir freuen uns auf Sie und Ihr Kind!<\/p>\n<p>\u00a0<\/p>\n","protected":false},"excerpt":{"rendered":"<p>Anmeldetage vom 28.1 \u2013 30.1.2025 In der Woche vom 28. &#8211; 30. Januar 2025 (Dienstag, Mittwoch, Donnerstag) finden Anmeldetage im Haus des Kindes \u201ePolarstern\u201c der Ev. Kirchengemeinde Weidenbach statt.F\u00fcr folgende Gruppen k\u00f6nnen Sie Ihr Kind f\u00fcr das Kindergartenjahr 2024 \/ 2025 (September 2025 bis August 2026) anmelden:&#8211;\u00a0\u00a0\u00a0\u00a0\u00a0\u00a0\u00a0\u00a0\u00a0\u00a0 Krippengruppe ab 1 Jahr&#8211;\u00a0\u00a0\u00a0\u00a0\u00a0\u00a0\u00a0\u00a0\u00a0\u00a0 Kindergartengruppe ab 3 Jahren [&hellip;]<\/p>\n","protected":false},"author":6,"featured_media":0,"comment_status":"closed","ping_status":"closed","sticky":false,"template":"","format":"standard","meta":{"ngg_post_thumbnail":0,"_jetpack_memberships_contains_paid_content":false,"footnotes":""},"categories":[14],"tags":[],"class_list":["post-2358","post","type-post","status-publish","format-standard","hentry","category-allgemein"],"jetpack_featured_media_url":"","jetpack_sharing_enabled":true,"_links":{"self":[{"href":"https:\/\/www.kindergarten-weidenbach.de\/wordpress\/wp-json\/wp\/v2\/posts\/2358","targetHints":{"allow":["GET"]}}],"collection":[{"href":"https:\/\/www.kindergarten-weidenbach.de\/wordpress\/wp-json\/wp\/v2\/posts"}],"about":[{"href":"https:\/\/www.kindergarten-weidenbach.de\/wordpress\/wp-json\/wp\/v2\/types\/post"}],"author":[{"embeddable":true,"href":"https:\/\/www.kindergarten-weidenbach.de\/wordpress\/wp-json\/wp\/v2\/users\/6"}],"replies":[{"embeddable":true,"href":"https:\/\/www.kindergarten-weidenbach.de\/wordpress\/wp-json\/wp\/v2\/comments?post=2358"}],"version-history":[{"count":3,"href":"https:\/\/www.kindergarten-weidenbach.de\/wordpress\/wp-json\/wp\/v2\/posts\/2358\/revisions"}],"predecessor-version":[{"id":2717,"href":"https:\/\/www.kindergarten-weidenbach.de\/wordpress\/wp-json\/wp\/v2\/posts\/2358\/revisions\/2717"}],"wp:attachment":[{"href":"https:\/\/www.kindergarten-weidenbach.de\/wordpress\/wp-json\/wp\/v2\/media?parent=2358"}],"wp:term":[{"taxonomy":"category","embeddable":true,"href":"https:\/\/www.kindergarten-weidenbach.de\/wordpress\/wp-json\/wp\/v2\/categories?post=2358"},{"taxonomy":"post_tag","embeddable":true,"href":"https:\/\/www.kindergarten-weidenbach.de\/wordpress\/wp-json\/wp\/v2\/tags?post=2358"}],"curies":[{"name":"wp","href":"https:\/\/api.w.org\/{rel}","templated":true}]}}