{"id":2591,"date":"2024-07-24T08:10:28","date_gmt":"2024-07-24T07:10:28","guid":{"rendered":"https:\/\/www.kindergarten-weidenbach.de\/wordpress\/?p=2591"},"modified":"2024-07-24T20:15:27","modified_gmt":"2024-07-24T19:15:27","slug":"es-wird-zu-eng-in-der-arche","status":"publish","type":"post","link":"https:\/\/www.kindergarten-weidenbach.de\/wordpress\/es-wird-zu-eng-in-der-arche\/","title":{"rendered":"Es wird zu eng in der Arche"},"content":{"rendered":"\n<p>Abschlussgottesdienst f\u00fcr die Kindergartenkinder mit Segnung der zuk\u00fcnftigen Erstkl\u00e4ssler.<br>Unter dem Regenbogen auf dem Weg Richtung Schule &#8211; Gott geht mit!<\/p>\n\n\n\n\n\n<figure class=\"wp-block-image size-large\"><img loading=\"lazy\" decoding=\"async\" width=\"1024\" height=\"768\" src=\"https:\/\/www.kindergarten-weidenbach.de\/wordpress\/wp-content\/uploads\/2024\/07\/4743072364cc4ef0b3aedebb1c064d7a-1-1024x768.jpg\" alt=\"\" class=\"wp-image-2589\" srcset=\"https:\/\/www.kindergarten-weidenbach.de\/wordpress\/wp-content\/uploads\/2024\/07\/4743072364cc4ef0b3aedebb1c064d7a-1-1024x768.jpg 1024w, https:\/\/www.kindergarten-weidenbach.de\/wordpress\/wp-content\/uploads\/2024\/07\/4743072364cc4ef0b3aedebb1c064d7a-1-300x225.jpg 300w, https:\/\/www.kindergarten-weidenbach.de\/wordpress\/wp-content\/uploads\/2024\/07\/4743072364cc4ef0b3aedebb1c064d7a-1-768x576.jpg 768w, https:\/\/www.kindergarten-weidenbach.de\/wordpress\/wp-content\/uploads\/2024\/07\/4743072364cc4ef0b3aedebb1c064d7a-1-1536x1152.jpg 1536w, https:\/\/www.kindergarten-weidenbach.de\/wordpress\/wp-content\/uploads\/2024\/07\/4743072364cc4ef0b3aedebb1c064d7a-1.jpg 1600w\" sizes=\"auto, (max-width: 1024px) 100vw, 1024px\" \/><\/figure>\n\n\n\n<p>&nbsp;<\/p>\n<p><img loading=\"lazy\" decoding=\"async\" class=\"alignnone wp-image-2590\" src=\"https:\/\/www.kindergarten-weidenbach.de\/wordpress\/wp-content\/uploads\/2024\/07\/IMG-20240723-WA0004-1-e1721804484152-204x300.jpg\" alt=\"\" width=\"319\" height=\"470\" srcset=\"https:\/\/www.kindergarten-weidenbach.de\/wordpress\/wp-content\/uploads\/2024\/07\/IMG-20240723-WA0004-1-e1721804484152-204x300.jpg 204w, https:\/\/www.kindergarten-weidenbach.de\/wordpress\/wp-content\/uploads\/2024\/07\/IMG-20240723-WA0004-1-e1721804484152.jpg 677w\" sizes=\"auto, (max-width: 319px) 100vw, 319px\" \/> <img loading=\"lazy\" decoding=\"async\" class=\"alignnone wp-image-2588\" src=\"https:\/\/www.kindergarten-weidenbach.de\/wordpress\/wp-content\/uploads\/2024\/07\/6e20ff54181a4d3498926f841716a47d-3-190x300.jpg\" alt=\"\" width=\"297\" height=\"470\" srcset=\"https:\/\/www.kindergarten-weidenbach.de\/wordpress\/wp-content\/uploads\/2024\/07\/6e20ff54181a4d3498926f841716a47d-3-190x300.jpg 190w, https:\/\/www.kindergarten-weidenbach.de\/wordpress\/wp-content\/uploads\/2024\/07\/6e20ff54181a4d3498926f841716a47d-3.jpg 495w\" sizes=\"auto, (max-width: 297px) 100vw, 297px\" \/><\/p>\n\n\n","protected":false},"excerpt":{"rendered":"<p>Abschlussgottesdienst f\u00fcr die Kindergartenkinder mit Segnung der zuk\u00fcnftigen Erstkl\u00e4ssler.Unter dem Regenbogen auf dem Weg Richtung Schule &#8211; Gott geht mit! &nbsp;<\/p>\n","protected":false},"author":6,"featured_media":0,"comment_status":"closed","ping_status":"closed","sticky":false,"template":"","format":"standard","meta":{"ngg_post_thumbnail":0,"_jetpack_memberships_contains_paid_content":false,"footnotes":""},"categories":[14],"tags":[],"class_list":["post-2591","post","type-post","status-publish","format-standard","hentry","category-allgemein"],"jetpack_featured_media_url":"","jetpack_sharing_enabled":true,"_links":{"self":[{"href":"https:\/\/www.kindergarten-weidenbach.de\/wordpress\/wp-json\/wp\/v2\/posts\/2591","targetHints":{"allow":["GET"]}}],"collection":[{"href":"https:\/\/www.kindergarten-weidenbach.de\/wordpress\/wp-json\/wp\/v2\/posts"}],"about":[{"href":"https:\/\/www.kindergarten-weidenbach.de\/wordpress\/wp-json\/wp\/v2\/types\/post"}],"author":[{"embeddable":true,"href":"https:\/\/www.kindergarten-weidenbach.de\/wordpress\/wp-json\/wp\/v2\/users\/6"}],"replies":[{"embeddable":true,"href":"https:\/\/www.kindergarten-weidenbach.de\/wordpress\/wp-json\/wp\/v2\/comments?post=2591"}],"version-history":[{"count":6,"href":"https:\/\/www.kindergarten-weidenbach.de\/wordpress\/wp-json\/wp\/v2\/posts\/2591\/revisions"}],"predecessor-version":[{"id":2600,"href":"https:\/\/www.kindergarten-weidenbach.de\/wordpress\/wp-json\/wp\/v2\/posts\/2591\/revisions\/2600"}],"wp:attachment":[{"href":"https:\/\/www.kindergarten-weidenbach.de\/wordpress\/wp-json\/wp\/v2\/media?parent=2591"}],"wp:term":[{"taxonomy":"category","embeddable":true,"href":"https:\/\/www.kindergarten-weidenbach.de\/wordpress\/wp-json\/wp\/v2\/categories?post=2591"},{"taxonomy":"post_tag","embeddable":true,"href":"https:\/\/www.kindergarten-weidenbach.de\/wordpress\/wp-json\/wp\/v2\/tags?post=2591"}],"curies":[{"name":"wp","href":"https:\/\/api.w.org\/{rel}","templated":true}]}}