{"id":2718,"date":"2026-01-16T08:29:54","date_gmt":"2026-01-16T07:29:54","guid":{"rendered":"https:\/\/www.kindergarten-weidenbach.de\/wordpress\/?p=2718"},"modified":"2026-01-19T07:48:37","modified_gmt":"2026-01-19T06:48:37","slug":"anmeldetage-2025","status":"publish","type":"post","link":"https:\/\/www.kindergarten-weidenbach.de\/wordpress\/anmeldetage-2025\/","title":{"rendered":"Anmeldetage vom 20.1. &#8211; 22.1.2026"},"content":{"rendered":"\n<p>\u00a0<\/p>\n<p>In der Woche vom 20. &#8211; 22. Januar 2026 (Dienstag, Mittwoch, Donnerstag) finden Anmeldetage in unserer Einrichtung statt.<br \/>F\u00fcr folgende Gruppen k\u00f6nnen Sie Ihr Kind f\u00fcr das Kindergartenjahr 2026 \/ 2027 anmelden:<\/p>\n<ul>\n<li><strong>Krippengruppe ab 1 Jahr<\/strong><\/li>\n<li><strong>Kindergartengruppe ab 3 Jahren<\/strong><\/li>\n<\/ul>\n<p>Die Aufnahmetermine sind September und Oktober 2026 sowie Januar und M\u00e4rz 2027.<\/p>\n<p>Ben\u00f6tigen Sie einen Betreuungsplatz? <br \/>Dann kommen Sie gerne in der Zeit von 8.00 Uhr bis 11.00 Uhr im Haus des Kindes \u201ePolarstern\u201c, <br \/>Ringstr. 2, vorbei.<br \/><br \/>F\u00fcr unsere Planungen ist es sehr wichtig, \u00a0dass Sie diese Anmeldetage wahrnehmen. <br \/>Wir freuen uns auf Sie und Ihr Kind!\u00a0\u00a0 <br \/><br \/><\/p>\n<p>\u00a0<\/p>\n","protected":false},"excerpt":{"rendered":"<p>\u00a0 In der Woche vom 20. &#8211; 22. Januar 2026 (Dienstag, Mittwoch, Donnerstag) finden Anmeldetage in unserer Einrichtung statt.F\u00fcr folgende Gruppen k\u00f6nnen Sie Ihr Kind f\u00fcr das Kindergartenjahr 2026 \/ 2027 anmelden: Krippengruppe ab 1 Jahr Kindergartengruppe ab 3 Jahren Die Aufnahmetermine sind September und Oktober 2026 sowie Januar und M\u00e4rz 2027. Ben\u00f6tigen Sie einen [&hellip;]<\/p>\n","protected":false},"author":6,"featured_media":0,"comment_status":"closed","ping_status":"closed","sticky":false,"template":"","format":"standard","meta":{"ngg_post_thumbnail":0,"_jetpack_memberships_contains_paid_content":false,"footnotes":""},"categories":[14],"tags":[],"class_list":["post-2718","post","type-post","status-publish","format-standard","hentry","category-allgemein"],"jetpack_featured_media_url":"","jetpack_sharing_enabled":true,"_links":{"self":[{"href":"https:\/\/www.kindergarten-weidenbach.de\/wordpress\/wp-json\/wp\/v2\/posts\/2718","targetHints":{"allow":["GET"]}}],"collection":[{"href":"https:\/\/www.kindergarten-weidenbach.de\/wordpress\/wp-json\/wp\/v2\/posts"}],"about":[{"href":"https:\/\/www.kindergarten-weidenbach.de\/wordpress\/wp-json\/wp\/v2\/types\/post"}],"author":[{"embeddable":true,"href":"https:\/\/www.kindergarten-weidenbach.de\/wordpress\/wp-json\/wp\/v2\/users\/6"}],"replies":[{"embeddable":true,"href":"https:\/\/www.kindergarten-weidenbach.de\/wordpress\/wp-json\/wp\/v2\/comments?post=2718"}],"version-history":[{"count":3,"href":"https:\/\/www.kindergarten-weidenbach.de\/wordpress\/wp-json\/wp\/v2\/posts\/2718\/revisions"}],"predecessor-version":[{"id":2849,"href":"https:\/\/www.kindergarten-weidenbach.de\/wordpress\/wp-json\/wp\/v2\/posts\/2718\/revisions\/2849"}],"wp:attachment":[{"href":"https:\/\/www.kindergarten-weidenbach.de\/wordpress\/wp-json\/wp\/v2\/media?parent=2718"}],"wp:term":[{"taxonomy":"category","embeddable":true,"href":"https:\/\/www.kindergarten-weidenbach.de\/wordpress\/wp-json\/wp\/v2\/categories?post=2718"},{"taxonomy":"post_tag","embeddable":true,"href":"https:\/\/www.kindergarten-weidenbach.de\/wordpress\/wp-json\/wp\/v2\/tags?post=2718"}],"curies":[{"name":"wp","href":"https:\/\/api.w.org\/{rel}","templated":true}]}}